{"id":8279,"date":"2015-09-03T09:42:00","date_gmt":"2015-09-03T09:42:00","guid":{"rendered":"https:\/\/kijevo.hr\/?p=8279"},"modified":"2021-10-18T09:43:11","modified_gmt":"2021-10-18T09:43:11","slug":"zakucalo-kijevsko-srce-veliko","status":"publish","type":"post","link":"https:\/\/kijevo.hr\/?p=8279","title":{"rendered":"Zakucalo kijevsko srce veliko"},"content":{"rendered":"\n<p>Pjesni\u010dka ve\u010der u Kijevu pod Dinarom u okviru &#8220;KIJEVSKO LITO 2015.&#8221; odu\u0161evila posjetitelje i goste.<\/p>\n\n\n\n<p>U kasnome sumraku, dok su sjene natkrivale masiv Dinare, pjesnici, klape, solisti i \u017eivopisni folklor, U Kijevu su posjetitelji i gosti &#8220;na dah&#8221; odslu\u0161ali poetske odjeke \u017eivota te gor\u0161ta\u010dke sredine.<\/p>\n\n\n\n<p>Drugi dan punoga, takozvanog plavog mjeseca, \u0161to se izdizao iza velebne i osvijetljene kijevske crkve sv. Mihovila s dva tornja na Glavici, \u010dinili u \u010darobni, prirodni okvir kulturne manifestacije koja traje punih 13 godina, kao Kijevske knji\u017eevne ve\u010der i Kijevsko lito.<\/p>\n\n\n\n<p>Program je odr\u017ean pod pokroviteljstvom Grada Zagreba i njegovog gradona\u010delnika Milana Bandi\u0107a, u suradnji s Op\u0107inom Kijevo, Gradom Kninom i \u0160ibensko &#8211; kninskom \u017eupanijom, s glavnima organizatorom Brankom Bajanom Jalom, koji je, s ostalima, tu manifestaciju i pokrenuo.<\/p>\n\n\n\n<p>Iako je to bilo najavljeno, u Kijevo zbog zauzetosti nije stigao i sam gradona\u010delnik Bandi\u0107, koga smo na Kijevskim ve\u010derima susreli prije tri godine. Njega je kao izaslanik predstavljao Kijevljanin, knji\u017eevnik i znanstvenik dr. sc. Stipan Mato\u0161, koji se biranim rije\u010dima obratio okupljenima, kazav\u0161i, kako \u0107e i te ve\u010deri na poseban na\u010din zakucati kijevsko srce veliko. Manifestaciju su jo\u0161 pozdravili \u0161ibenski do\u017eupan Tomislav Vrdoljak, dogradona\u010delnik Grada Knina Nikola Bla\u017eevi\u0107 i na\u010delnik Op\u0107ina Kijevo Ivan Stjepan Bajan.<\/p>\n\n\n\n<p>U programu koji je trajao dva i pol sata uz nastupe lokalnih pjesnika i folklorne skupine Dinara, klape iz Vranjica &#8220;Hores Hantares&#8221; u kojoj pjevaj i nekoliko \u010dlanova biv\u0161e &#8220;DC Vranjic&#8221;, svoja su pjesni\u010dka ostvarenja kazivali pjesnici Kre\u0161imir Bagi\u0107, Miroslav Mi\u0107anovi\u0107, Stipe Grgas i Kermal Muj\u010di\u0107 Artnam. Poezija je to o malome \u010dovjeku, ljubavi, svakodnevnim \u017eivotnim zgodama, prirodi, domoljublju i Kraju koji je od agresora te\u0161ko stradao ve\u0107 u prvim danima Domovinskoga rata.<\/p>\n\n\n\n<p>Cijeli program bio je pro\u017eet pjesni\u0161tvom koje &#8220;u srce dira&#8221; i kojeg je publika odu\u0161evljeno primila.<\/p>\n\n\n\n<p>Od kijevskih pjesnika, odu\u0161evila je i Lidija Slavi\u0107 koja pjeva o Kijevskoj vili: Divojka od dinarskoga kr\u0161a\/hoda \u010dvrsta, a pogleda bistra\/Ruke spretne, vitko ti je tilo\/Tebi pivam o kijevska vilo\u2026<\/p>\n\n\n\n<p>Na kraju su akterima i zaslu\u017enima podijeljene zahvalnice, me\u0111u njima i neumornome Branku Bajanu Jali, u \u010dijem se sjenovitom dvoru i odvijao cijeli program. Nije izostao ni gastronomski dio, za \u0161to je kijevske specijalitete pripremio upravo Branko Bajan, a kijevsko fe\u0161tanje je zavr\u0161ilo, kad su se u okolnim oborima oglasili prvi pijevci.<\/p>\n","protected":false},"excerpt":{"rendered":"<p>Pjesni\u010dka ve\u010der u Kijevu pod Dinarom u okviru &#8220;KIJEVSKO LITO 2015.&#8221; odu\u0161evila posjetitelje i goste. U kasnome sumraku, dok su sjene natkrivale masiv Dinare, pjesnici, klape, solisti i \u017eivopisni folklor, U Kijevu su posjetitelji i gosti &#8220;na dah&#8221; odslu\u0161ali poetske odjeke \u017eivota te gor\u0161ta\u010dke sredine. Drugi dan punoga, takozvanog plavog mjeseca, \u0161to se izdizao iza &hellip;<\/p>\n","protected":false},"author":1,"featured_media":8280,"comment_status":"open","ping_status":"open","sticky":false,"template":"","format":"standard","meta":{"pgc_sgb_lightbox_settings":"","footnotes":""},"categories":[41,54,28,5,30],"tags":[],"class_list":["post-8279","post","type-post","status-publish","format-standard","has-post-thumbnail","hentry","category-dogadaji","category-knjizevni-susreti","category-kultura-i-sport","category-opcinske-vijesti","category-prirodna-bastina"],"aioseo_notices":[],"_links":{"self":[{"href":"https:\/\/kijevo.hr\/index.php?rest_route=\/wp\/v2\/posts\/8279","targetHints":{"allow":["GET"]}}],"collection":[{"href":"https:\/\/kijevo.hr\/index.php?rest_route=\/wp\/v2\/posts"}],"about":[{"href":"https:\/\/kijevo.hr\/index.php?rest_route=\/wp\/v2\/types\/post"}],"author":[{"embeddable":true,"href":"https:\/\/kijevo.hr\/index.php?rest_route=\/wp\/v2\/users\/1"}],"replies":[{"embeddable":true,"href":"https:\/\/kijevo.hr\/index.php?rest_route=%2Fwp%2Fv2%2Fcomments&post=8279"}],"version-history":[{"count":1,"href":"https:\/\/kijevo.hr\/index.php?rest_route=\/wp\/v2\/posts\/8279\/revisions"}],"predecessor-version":[{"id":8281,"href":"https:\/\/kijevo.hr\/index.php?rest_route=\/wp\/v2\/posts\/8279\/revisions\/8281"}],"wp:featuredmedia":[{"embeddable":true,"href":"https:\/\/kijevo.hr\/index.php?rest_route=\/wp\/v2\/media\/8280"}],"wp:attachment":[{"href":"https:\/\/kijevo.hr\/index.php?rest_route=%2Fwp%2Fv2%2Fmedia&parent=8279"}],"wp:term":[{"taxonomy":"category","embeddable":true,"href":"https:\/\/kijevo.hr\/index.php?rest_route=%2Fwp%2Fv2%2Fcategories&post=8279"},{"taxonomy":"post_tag","embeddable":true,"href":"https:\/\/kijevo.hr\/index.php?rest_route=%2Fwp%2Fv2%2Ftags&post=8279"}],"curies":[{"name":"wp","href":"https:\/\/api.w.org\/{rel}","templated":true}]}}