{"id":8287,"date":"2016-03-03T10:46:00","date_gmt":"2016-03-03T10:46:00","guid":{"rendered":"https:\/\/kijevo.hr\/?p=8287"},"modified":"2021-10-18T10:49:18","modified_gmt":"2021-10-18T10:49:18","slug":"rjesenje-o-odredivanju-birackih-mjesta","status":"publish","type":"post","link":"https:\/\/kijevo.hr\/?p=8287","title":{"rendered":"Rje\u0161enje o odre\u0111ivanju bira\u010dkih mjesta"},"content":{"rendered":"\n<p>Na temelju \u010dlanka 52., 53. i 68 Zakona o lokalnim izborima (&#8220;Narodne novine&#8221;, br.144\/12) Gradsko izborno povjerenstvo Grada Knina donosi<\/p>\n\n\n\n<p>R J E \u0160 E N J E<br>O ODRE\u0110IVANJU BIRA\u010cKIH MJESTA<\/p>\n\n\n\n<p>Za podru\u010d\u008dje op\u0107ine KIJEVO odre\u0111uje se bira\u010dko mjesto:<\/p>\n\n\n\n<p>1.bira\u010dko mjesto broj 1.u: ZGRADA VELEU\u010cILI\u0160TA &#8220;MARKO MARULI\u0106&#8221;, KNIN, KRE\u0160IMIROVA 30 koje obuhva\u0107a bira\u010de srpske nacionalne manjine s prebivali\u0161tem u op\u0107ini: KIJEVO<\/p>\n\n\n\n<p>U Kninu 03.o\u017eujka 2016. godine<\/p>\n\n\n\n<p>Predsjednik:<br>Mato Jeli\u0107<\/p>\n\n\n\n<div class=\"wp-block-file\"><a href=\"https:\/\/kijevo.hr\/wp-content\/uploads\/2021\/10\/Biracka-mjesta-Opcina-Kijevo.docx\">Bira\u010dka mjesta &#8211; Op\u0107ina Kijevo<\/a><\/div>\n","protected":false},"excerpt":{"rendered":"<p>Na temelju \u010dlanka 52., 53. i 68 Zakona o lokalnim izborima (&#8220;Narodne novine&#8221;, br.144\/12) Gradsko izborno povjerenstvo Grada Knina donosi R J E \u0160 E N J EO ODRE\u0110IVANJU BIRA\u010cKIH MJESTA Za podru\u010d\u008dje op\u0107ine KIJEVO odre\u0111uje se bira\u010dko mjesto: 1.bira\u010dko mjesto broj 1.u: ZGRADA VELEU\u010cILI\u0160TA &#8220;MARKO MARULI\u0106&#8221;, KNIN, KRE\u0160IMIROVA 30 koje obuhva\u0107a bira\u010de srpske nacionalne &hellip;<\/p>\n","protected":false},"author":1,"featured_media":6754,"comment_status":"open","ping_status":"open","sticky":false,"template":"","format":"standard","meta":{"pgc_sgb_lightbox_settings":"","footnotes":""},"categories":[5],"tags":[],"class_list":["post-8287","post","type-post","status-publish","format-standard","has-post-thumbnail","hentry","category-opcinske-vijesti"],"aioseo_notices":[],"_links":{"self":[{"href":"https:\/\/kijevo.hr\/index.php?rest_route=\/wp\/v2\/posts\/8287","targetHints":{"allow":["GET"]}}],"collection":[{"href":"https:\/\/kijevo.hr\/index.php?rest_route=\/wp\/v2\/posts"}],"about":[{"href":"https:\/\/kijevo.hr\/index.php?rest_route=\/wp\/v2\/types\/post"}],"author":[{"embeddable":true,"href":"https:\/\/kijevo.hr\/index.php?rest_route=\/wp\/v2\/users\/1"}],"replies":[{"embeddable":true,"href":"https:\/\/kijevo.hr\/index.php?rest_route=%2Fwp%2Fv2%2Fcomments&post=8287"}],"version-history":[{"count":1,"href":"https:\/\/kijevo.hr\/index.php?rest_route=\/wp\/v2\/posts\/8287\/revisions"}],"predecessor-version":[{"id":8289,"href":"https:\/\/kijevo.hr\/index.php?rest_route=\/wp\/v2\/posts\/8287\/revisions\/8289"}],"wp:featuredmedia":[{"embeddable":true,"href":"https:\/\/kijevo.hr\/index.php?rest_route=\/wp\/v2\/media\/6754"}],"wp:attachment":[{"href":"https:\/\/kijevo.hr\/index.php?rest_route=%2Fwp%2Fv2%2Fmedia&parent=8287"}],"wp:term":[{"taxonomy":"category","embeddable":true,"href":"https:\/\/kijevo.hr\/index.php?rest_route=%2Fwp%2Fv2%2Fcategories&post=8287"},{"taxonomy":"post_tag","embeddable":true,"href":"https:\/\/kijevo.hr\/index.php?rest_route=%2Fwp%2Fv2%2Ftags&post=8287"}],"curies":[{"name":"wp","href":"https:\/\/api.w.org\/{rel}","templated":true}]}}