{"id":8619,"date":"2022-04-18T20:21:00","date_gmt":"2022-04-18T20:21:00","guid":{"rendered":"https:\/\/kijevo.hr\/?p=8619"},"modified":"2022-04-19T20:32:14","modified_gmt":"2022-04-19T20:32:14","slug":"karlo-ressler-europski-pristup-migracijama-i-azilu-na-prekretnici","status":"publish","type":"post","link":"https:\/\/kijevo.hr\/?p=8619","title":{"rendered":"Karlo Ressler: Europski pristup migracijama i azilu &#8211; na prekretnici"},"content":{"rendered":"\n<p>U Domu kulture u srijedu 20. travnja, odr\u017eati \u0107e se konferencija na temu &#8220;Europski pristup migracijama i azilu &#8211; na prekretnici&#8221; u 18:00 sati.<\/p>\n\n\n\n<p>Osnovna ideja konferencije je otvoriti raspravu o nu\u017enosti zajedni\u010dkog europskog pristupa i dogovora o reformi sustava azila i migracija, uz poseban naglasak na dalekose\u017ene posljedice tragi\u010dne agresije na Ukrajinu i prihvat ukrajinskih izbjeglica kojemu svjedo\u010dimo u proteklim tjednima.<\/p>\n","protected":false},"excerpt":{"rendered":"<p>U Domu kulture u srijedu 20. travnja, odr\u017eati \u0107e se konferencija na temu &#8220;Europski pristup migracijama i azilu &#8211; na prekretnici&#8221; u 18:00 sati. Osnovna ideja konferencije je otvoriti raspravu o nu\u017enosti zajedni\u010dkog europskog pristupa i dogovora o reformi sustava azila i migracija, uz poseban naglasak na dalekose\u017ene posljedice tragi\u010dne agresije na Ukrajinu i prihvat &hellip;<\/p>\n","protected":false},"author":1,"featured_media":8620,"comment_status":"open","ping_status":"open","sticky":false,"template":"","format":"standard","meta":{"pgc_sgb_lightbox_settings":"","footnotes":""},"categories":[41,5],"tags":[],"class_list":["post-8619","post","type-post","status-publish","format-standard","has-post-thumbnail","hentry","category-dogadaji","category-opcinske-vijesti"],"aioseo_notices":[],"_links":{"self":[{"href":"https:\/\/kijevo.hr\/index.php?rest_route=\/wp\/v2\/posts\/8619","targetHints":{"allow":["GET"]}}],"collection":[{"href":"https:\/\/kijevo.hr\/index.php?rest_route=\/wp\/v2\/posts"}],"about":[{"href":"https:\/\/kijevo.hr\/index.php?rest_route=\/wp\/v2\/types\/post"}],"author":[{"embeddable":true,"href":"https:\/\/kijevo.hr\/index.php?rest_route=\/wp\/v2\/users\/1"}],"replies":[{"embeddable":true,"href":"https:\/\/kijevo.hr\/index.php?rest_route=%2Fwp%2Fv2%2Fcomments&post=8619"}],"version-history":[{"count":2,"href":"https:\/\/kijevo.hr\/index.php?rest_route=\/wp\/v2\/posts\/8619\/revisions"}],"predecessor-version":[{"id":8624,"href":"https:\/\/kijevo.hr\/index.php?rest_route=\/wp\/v2\/posts\/8619\/revisions\/8624"}],"wp:featuredmedia":[{"embeddable":true,"href":"https:\/\/kijevo.hr\/index.php?rest_route=\/wp\/v2\/media\/8620"}],"wp:attachment":[{"href":"https:\/\/kijevo.hr\/index.php?rest_route=%2Fwp%2Fv2%2Fmedia&parent=8619"}],"wp:term":[{"taxonomy":"category","embeddable":true,"href":"https:\/\/kijevo.hr\/index.php?rest_route=%2Fwp%2Fv2%2Fcategories&post=8619"},{"taxonomy":"post_tag","embeddable":true,"href":"https:\/\/kijevo.hr\/index.php?rest_route=%2Fwp%2Fv2%2Ftags&post=8619"}],"curies":[{"name":"wp","href":"https:\/\/api.w.org\/{rel}","templated":true}]}}