{"id":8622,"date":"2022-04-04T20:26:00","date_gmt":"2022-04-04T20:26:00","guid":{"rendered":"https:\/\/kijevo.hr\/?p=8622"},"modified":"2022-04-19T20:29:25","modified_gmt":"2022-04-19T20:29:25","slug":"izabrana-procelnica-jedinstvenog-upravnog-odjela-opcine-kijevo","status":"publish","type":"post","link":"https:\/\/kijevo.hr\/?p=8622","title":{"rendered":"Izabrana pro\u010delnica Jedinstvenog upravnog odjela Op\u0107ine Kijevo"},"content":{"rendered":"\n<p>Temeljem testiranja i intervjua objavljenog na stranicama Op\u0107ine Kijevo (<a href=\"https:\/\/kijevo.hr\/?p=8535\" target=\"_blank\" rel=\"noreferrer noopener\" title=\"Poziv na testiranje i intervju \u2013 pro\u010delnik\/ica Jedinstvenog upravnog odjela Op\u0107ine Kijevo\">Poziv na testiranje i intervju \u2013 pro\u010delnik\/ica Jedinstvenog upravnog odjela Op\u0107ine Kijevo<\/a>), odabrana je nova pro\u010delnica jedinstvenog upravnog odjela Op\u0107ine Kijevo &#8211; Ivana Ezgeta.<\/p>\n","protected":false},"excerpt":{"rendered":"<p>Temeljem testiranja i intervjua objavljenog na stranicama Op\u0107ine Kijevo (Poziv na testiranje i intervju \u2013 pro\u010delnik\/ica Jedinstvenog upravnog odjela Op\u0107ine Kijevo), odabrana je nova pro\u010delnica jedinstvenog upravnog odjela Op\u0107ine Kijevo &#8211; Ivana Ezgeta.<\/p>\n","protected":false},"author":1,"featured_media":8387,"comment_status":"open","ping_status":"open","sticky":false,"template":"","format":"standard","meta":{"pgc_sgb_lightbox_settings":"","footnotes":""},"categories":[5],"tags":[],"class_list":["post-8622","post","type-post","status-publish","format-standard","has-post-thumbnail","hentry","category-opcinske-vijesti"],"aioseo_notices":[],"_links":{"self":[{"href":"https:\/\/kijevo.hr\/index.php?rest_route=\/wp\/v2\/posts\/8622","targetHints":{"allow":["GET"]}}],"collection":[{"href":"https:\/\/kijevo.hr\/index.php?rest_route=\/wp\/v2\/posts"}],"about":[{"href":"https:\/\/kijevo.hr\/index.php?rest_route=\/wp\/v2\/types\/post"}],"author":[{"embeddable":true,"href":"https:\/\/kijevo.hr\/index.php?rest_route=\/wp\/v2\/users\/1"}],"replies":[{"embeddable":true,"href":"https:\/\/kijevo.hr\/index.php?rest_route=%2Fwp%2Fv2%2Fcomments&post=8622"}],"version-history":[{"count":1,"href":"https:\/\/kijevo.hr\/index.php?rest_route=\/wp\/v2\/posts\/8622\/revisions"}],"predecessor-version":[{"id":8623,"href":"https:\/\/kijevo.hr\/index.php?rest_route=\/wp\/v2\/posts\/8622\/revisions\/8623"}],"wp:featuredmedia":[{"embeddable":true,"href":"https:\/\/kijevo.hr\/index.php?rest_route=\/wp\/v2\/media\/8387"}],"wp:attachment":[{"href":"https:\/\/kijevo.hr\/index.php?rest_route=%2Fwp%2Fv2%2Fmedia&parent=8622"}],"wp:term":[{"taxonomy":"category","embeddable":true,"href":"https:\/\/kijevo.hr\/index.php?rest_route=%2Fwp%2Fv2%2Fcategories&post=8622"},{"taxonomy":"post_tag","embeddable":true,"href":"https:\/\/kijevo.hr\/index.php?rest_route=%2Fwp%2Fv2%2Ftags&post=8622"}],"curies":[{"name":"wp","href":"https:\/\/api.w.org\/{rel}","templated":true}]}}